{"id":225,"date":"2018-09-27T12:02:32","date_gmt":"2018-09-27T11:02:32","guid":{"rendered":"https:\/\/blog.travila.es\/?p=225"},"modified":"2018-11-28T14:39:31","modified_gmt":"2018-11-28T14:39:31","slug":"santanyi-eine-stadt-zwischen-trubel-und-tradition","status":"publish","type":"post","link":"https:\/\/blog.travila.es\/de\/santanyi-eine-stadt-zwischen-trubel-und-tradition\/","title":{"rendered":"Santany\u00ed &#8211; Eine Stadt zwischen Trubel und Tradition"},"content":{"rendered":"\r\n<h2 class=\"wp-block-heading\">Santany\u00ed \u2013 Eine Stadt zwischen Trubel und Tradition<\/h2>\r\n\r\n\r\n\r\n<p>Santany\u00ed ist eine von 53 selbst\u00e4ndigen Gemein-den auf der Mittelmeerinsel Mallorca. Die Stadt selbst liegt im S\u00fcdosten der Insel fern ab vom Massentourismus und z\u00e4hlt mit ihren angren-zenden Gemeinden (Ses Salines im Westen, Campos im Norden, und Felanitx im Osten) knapp 11.500 Einwohner. Das charmante St\u00e4dt-chen fasziniert durch seine Stra\u00dfen und Gassen, die zum Flanieren, Wohlf\u00fchlen, Essen, Feiern und Tanzen einladen.<\/p>\r\n\r\n\r\n\r\n<p><br \/>Der Wochenmarkt von Santany\u00ed ist eine At-traktion f\u00fcr Touristen und Einheimische. Jeden Mittwoch und Samstag Vormittag (8:00 \u2013 14:00 Uhr) herrscht lebhaftes Markttreiben. Unz\u00e4hlige St\u00e4nde mit sonnengereiften, \u00f6kologisch ange-bauten und frisch geerntetem Obst und Gem\u00fcse, typisch mallorquinischen Wurst- und K\u00e4sesorten und Handwerksgegenst\u00e4nden, sowie St\u00e4nde mit hippen und urlaubstypischen Kleidern und Accessoires schm\u00fccken den Marktplatz und die umliegenden Stra\u00dfen. Am Plaza Major befindet sich die Kirche Sant Andreu, die f\u00fcr ihre barocke Monumental-Orgel bekannt ist. Um sich von der ber\u00fchmten Klangqualit\u00e4t zu \u00fcberzeugen, finden mehrmals im Jahr hier Konzerte statt. Informationen zu den Veranstaltungen finden Sie in der Gemeinde Santany\u00ed. Sollten Ihre F\u00fc\u00dfe beim Schlendern durch den Ort m\u00fcde werden, setzen Sie sich in eines der Caf\u00e9s auf den Plaza Major und beobachten das pulsierende Leben, genie\u00dfen einen caf\u00e9 con leche, oder bestellen Ihr Pa amb Oli oder eine andere mallorquinische Spezialit\u00e4t und lassen die Welt, Welt sein.<\/p>\r\n","protected":false},"excerpt":{"rendered":"<p>Santany\u00ed \u2013 Eine Stadt zwischen Trubel und Tradition Santany\u00ed ist eine von&#8230;<\/p>\n","protected":false},"author":2,"featured_media":226,"comment_status":"open","ping_status":"open","sticky":false,"template":"","format":"standard","meta":{"footnotes":""},"categories":[31],"tags":[],"class_list":["post-225","post","type-post","status-publish","format-standard","has-post-thumbnail","hentry","category-staedte-doerfer"],"_links":{"self":[{"href":"https:\/\/blog.travila.es\/de\/wp-json\/wp\/v2\/posts\/225","targetHints":{"allow":["GET"]}}],"collection":[{"href":"https:\/\/blog.travila.es\/de\/wp-json\/wp\/v2\/posts"}],"about":[{"href":"https:\/\/blog.travila.es\/de\/wp-json\/wp\/v2\/types\/post"}],"author":[{"embeddable":true,"href":"https:\/\/blog.travila.es\/de\/wp-json\/wp\/v2\/users\/2"}],"replies":[{"embeddable":true,"href":"https:\/\/blog.travila.es\/de\/wp-json\/wp\/v2\/comments?post=225"}],"version-history":[{"count":4,"href":"https:\/\/blog.travila.es\/de\/wp-json\/wp\/v2\/posts\/225\/revisions"}],"predecessor-version":[{"id":293,"href":"https:\/\/blog.travila.es\/de\/wp-json\/wp\/v2\/posts\/225\/revisions\/293"}],"wp:featuredmedia":[{"embeddable":true,"href":"https:\/\/blog.travila.es\/de\/wp-json\/wp\/v2\/media\/226"}],"wp:attachment":[{"href":"https:\/\/blog.travila.es\/de\/wp-json\/wp\/v2\/media?parent=225"}],"wp:term":[{"taxonomy":"category","embeddable":true,"href":"https:\/\/blog.travila.es\/de\/wp-json\/wp\/v2\/categories?post=225"},{"taxonomy":"post_tag","embeddable":true,"href":"https:\/\/blog.travila.es\/de\/wp-json\/wp\/v2\/tags?post=225"}],"curies":[{"name":"wp","href":"https:\/\/api.w.org\/{rel}","templated":true}]}}